{"id":1613,"date":"2016-08-31T16:54:48","date_gmt":"2016-08-31T14:54:48","guid":{"rendered":"http:\/\/www.circolonauticoilcorallo.com\/sito\/?p=1613"},"modified":"2016-09-01T15:31:08","modified_gmt":"2016-09-01T13:31:08","slug":"inaugurazione-mostra-di-pittura-di-giovanni-comparone-sciacca-dal-10-al-18-settembre-2016","status":"publish","type":"post","link":"https:\/\/www.circolonauticoilcorallo.com\/sito\/2016\/08\/31\/inaugurazione-mostra-di-pittura-di-giovanni-comparone-sciacca-dal-10-al-18-settembre-2016\/","title":{"rendered":"Inaugurazione Mostra di Pittura di Giovanni Comparone Sciacca dal 10 al 18 settembre 2016"},"content":{"rendered":"<h1><a href=\"http:\/\/www.circolonauticoilcorallo.com\/sito\/wp-content\/uploads\/2016\/08\/invito.jpg\"><img loading=\"lazy\" decoding=\"async\" class=\"alignleft size-large wp-image-1616\" src=\"http:\/\/www.circolonauticoilcorallo.com\/sito\/wp-content\/uploads\/2016\/08\/invito-495x1024.jpg\" alt=\"invito\" width=\"495\" height=\"1024\" srcset=\"https:\/\/www.circolonauticoilcorallo.com\/sito\/wp-content\/uploads\/2016\/08\/invito-495x1024.jpg 495w, https:\/\/www.circolonauticoilcorallo.com\/sito\/wp-content\/uploads\/2016\/08\/invito-145x300.jpg 145w, https:\/\/www.circolonauticoilcorallo.com\/sito\/wp-content\/uploads\/2016\/08\/invito.jpg 590w\" sizes=\"auto, (max-width: 495px) 100vw, 495px\" \/><\/a><\/h1>\n<h1>Il Circolo di Cultura di Sciacca accoglier\u00e0 nelle proprie sale espositive la personale dell\u2019artista Giovanni Comparone.<\/h1>\n<h1>L\u2019inaugurazione della mostra di pittura intitolata \u201c<em>Un estate fa<\/em>\u201d si terr\u00e0 sabato 10 settembre 2016 alle ore 19,30 e le opere saranno visibili al pubblico sino al 18 settembre 2016.<\/h1>\n<h1>Giovanni Comparone \u00e8 nato a Castellamare di Stabia (Na) nel 1947, oggi risiede a Sciacca, citt\u00e0 marinara che lo ha adottato.<\/h1>\n<h1>Arruolato nell\u2019Arma dei Carabinieri intraprese la carriera di Sottoufficiale con incarichi di responsabilit\u00e0, terminata nel 1994.<\/h1>\n<h1>Attualmente ricopre diversi incarichi, tra cui riveste la carica di dirigente del Circolo il Nautico Corallo.<\/h1>\n<h1>Ricorda ancora che ebbe in dono il suo primo cavalletto giovanissimo mostrando da subito una chiara creativit\u00e0 ed una spiccata attitudine per la pittura.<\/h1>\n<h1>Autodidatta, gli piace definirsi \u201c<em>artigiano della materia<\/em>\u201d tanto da ricercare sempre nuove tecniche e tematiche nell\u2019ambito dell\u2019iperrealismo riuscendo a creare quella forza emotiva che si riscontra in tutte le sue opere.<\/h1>\n<h1>E\u2019 nel 1979 che Giovanni Comparone ottenne un grande successo pubblico e di critica per la sua prima mostra personale a Sciacca.<\/h1>\n<h1>Nel suo percorso artistico \u00e8 protagonista di numerose mostre personali, collettive ed estemporanee ottenendo sempre grandi successi e eccellenti premi, tra i quali la medaglia d\u2019oro al XXIX Concorso \u201c<em>Premio Primavera<\/em>\u201d a Foggia nel 1997.<\/h1>\n<h1>La mostra di pittura di Comparone ospiter\u00e0 30 dipinti e consentir\u00e0 al visitatore di accertarne l&#8217;abilit\u00e0 tecnica, la padronanza della tavolozza, l&#8217;equilibrio nelle composizioni e quindi di verificare l&#8217;ottima fattura dei dipinti curati in ogni dettaglio.<\/h1>\n<h1>Non ci si deve aspettare quindi una raccolta di opere astratte, di difficile interpretazione, ma al contrario si possono ammirare dipinti riconoscibili, che trasmettono un senso di pacatezza e serenit\u00e0 interiore.<\/h1>\n<h1>Patrocinata dal Circolo Nautico il Corallo, dal Comune e dalla Sezione ANCC di Sciacca la mostra di pittura sar\u00e0 aperta al pubblico dalle ore 10.00 alle ore 13.00 e dalle ore 16.00 alle ore 22.00\u00a0 tutti i giorni dal 10 al 18 settembre 2016.<\/h1>\n<p><a href=\"http:\/\/www.circolonauticoilcorallo.com\/sito\/wp-content\/uploads\/2016\/08\/cianchi.jpg\"><img loading=\"lazy\" decoding=\"async\" class=\"alignleft size-full wp-image-1614\" src=\"http:\/\/www.circolonauticoilcorallo.com\/sito\/wp-content\/uploads\/2016\/08\/cianchi.jpg\" alt=\"cianchi\" width=\"542\" height=\"450\" srcset=\"https:\/\/www.circolonauticoilcorallo.com\/sito\/wp-content\/uploads\/2016\/08\/cianchi.jpg 542w, https:\/\/www.circolonauticoilcorallo.com\/sito\/wp-content\/uploads\/2016\/08\/cianchi-300x249.jpg 300w, https:\/\/www.circolonauticoilcorallo.com\/sito\/wp-content\/uploads\/2016\/08\/cianchi-361x300.jpg 361w\" sizes=\"auto, (max-width: 542px) 100vw, 542px\" \/><\/a> <a href=\"http:\/\/www.circolonauticoilcorallo.com\/sito\/wp-content\/uploads\/2016\/08\/colombi.jpg\"><img loading=\"lazy\" decoding=\"async\" class=\"alignleft size-full wp-image-1615\" src=\"http:\/\/www.circolonauticoilcorallo.com\/sito\/wp-content\/uploads\/2016\/08\/colombi.jpg\" alt=\"colombi\" width=\"617\" height=\"398\" srcset=\"https:\/\/www.circolonauticoilcorallo.com\/sito\/wp-content\/uploads\/2016\/08\/colombi.jpg 617w, https:\/\/www.circolonauticoilcorallo.com\/sito\/wp-content\/uploads\/2016\/08\/colombi-300x194.jpg 300w, https:\/\/www.circolonauticoilcorallo.com\/sito\/wp-content\/uploads\/2016\/08\/colombi-465x300.jpg 465w\" sizes=\"auto, (max-width: 617px) 100vw, 617px\" \/><\/a><\/p>\n<h1><\/h1>\n","protected":false},"excerpt":{"rendered":"<p>Il Circolo di Cultura di Sciacca accoglier\u00e0 nelle proprie sale espositive la personale dell\u2019artista Giovanni Comparone. L\u2019inaugurazione della mostra di pittura intitolata \u201cUn estate fa\u201d si terr\u00e0 sabato 10 settembre 2016 alle ore 19,30 e le opere saranno visibili al &hellip; <a href=\"https:\/\/www.circolonauticoilcorallo.com\/sito\/2016\/08\/31\/inaugurazione-mostra-di-pittura-di-giovanni-comparone-sciacca-dal-10-al-18-settembre-2016\/\">Continua a leggere<span class=\"meta-nav\">&rarr;<\/span><\/a><\/p>\n","protected":false},"author":2,"featured_media":0,"comment_status":"closed","ping_status":"open","sticky":false,"template":"","format":"standard","meta":{"ngg_post_thumbnail":0,"footnotes":""},"categories":[1],"tags":[],"class_list":["post-1613","post","type-post","status-publish","format-standard","hentry","category-news"],"_links":{"self":[{"href":"https:\/\/www.circolonauticoilcorallo.com\/sito\/wp-json\/wp\/v2\/posts\/1613","targetHints":{"allow":["GET"]}}],"collection":[{"href":"https:\/\/www.circolonauticoilcorallo.com\/sito\/wp-json\/wp\/v2\/posts"}],"about":[{"href":"https:\/\/www.circolonauticoilcorallo.com\/sito\/wp-json\/wp\/v2\/types\/post"}],"author":[{"embeddable":true,"href":"https:\/\/www.circolonauticoilcorallo.com\/sito\/wp-json\/wp\/v2\/users\/2"}],"replies":[{"embeddable":true,"href":"https:\/\/www.circolonauticoilcorallo.com\/sito\/wp-json\/wp\/v2\/comments?post=1613"}],"version-history":[{"count":2,"href":"https:\/\/www.circolonauticoilcorallo.com\/sito\/wp-json\/wp\/v2\/posts\/1613\/revisions"}],"predecessor-version":[{"id":1618,"href":"https:\/\/www.circolonauticoilcorallo.com\/sito\/wp-json\/wp\/v2\/posts\/1613\/revisions\/1618"}],"wp:attachment":[{"href":"https:\/\/www.circolonauticoilcorallo.com\/sito\/wp-json\/wp\/v2\/media?parent=1613"}],"wp:term":[{"taxonomy":"category","embeddable":true,"href":"https:\/\/www.circolonauticoilcorallo.com\/sito\/wp-json\/wp\/v2\/categories?post=1613"},{"taxonomy":"post_tag","embeddable":true,"href":"https:\/\/www.circolonauticoilcorallo.com\/sito\/wp-json\/wp\/v2\/tags?post=1613"}],"curies":[{"name":"wp","href":"https:\/\/api.w.org\/{rel}","templated":true}]}}