{"id":1606,"date":"2016-08-22T15:40:10","date_gmt":"2016-08-22T13:40:10","guid":{"rendered":"http:\/\/www.circolonauticoilcorallo.com\/sito\/?p=1606"},"modified":"2016-08-22T21:24:48","modified_gmt":"2016-08-22T19:24:48","slug":"presentazione-del-libro-ne-vivi-ne-morti-lodissea-della-nave-hedia-e-lassassinio-di-enrico-mattei","status":"publish","type":"post","link":"https:\/\/www.circolonauticoilcorallo.com\/sito\/2016\/08\/22\/presentazione-del-libro-ne-vivi-ne-morti-lodissea-della-nave-hedia-e-lassassinio-di-enrico-mattei\/","title":{"rendered":"Presentazione del libro: NE\u2019 VIVI NE\u2019 MORTI    L\u2019odissea della nave Hedia e l\u2019assassinio di Enrico Mattei"},"content":{"rendered":"<p style=\"text-align: justify;\"><a href=\"http:\/\/www.circolonauticoilcorallo.com\/sito\/wp-content\/uploads\/2016\/08\/received_10210280722280274.jpeg\"><img loading=\"lazy\" decoding=\"async\" class=\"alignleft size-large wp-image-1608\" src=\"http:\/\/www.circolonauticoilcorallo.com\/sito\/wp-content\/uploads\/2016\/08\/received_10210280722280274-724x1024.jpeg\" alt=\"received_10210280722280274\" width=\"584\" height=\"826\" srcset=\"https:\/\/www.circolonauticoilcorallo.com\/sito\/wp-content\/uploads\/2016\/08\/received_10210280722280274-724x1024.jpeg 724w, https:\/\/www.circolonauticoilcorallo.com\/sito\/wp-content\/uploads\/2016\/08\/received_10210280722280274-212x300.jpeg 212w, https:\/\/www.circolonauticoilcorallo.com\/sito\/wp-content\/uploads\/2016\/08\/received_10210280722280274-768x1086.jpeg 768w, https:\/\/www.circolonauticoilcorallo.com\/sito\/wp-content\/uploads\/2016\/08\/received_10210280722280274.jpeg 1131w\" sizes=\"auto, (max-width: 584px) 100vw, 584px\" \/><\/a><\/p>\n<p style=\"text-align: justify;\"><strong>NE\u2019 VIVI NE\u2019 MORTI<\/strong><\/p>\n<p style=\"text-align: justify;\"><strong>L\u2019odissea della nave Hedia e l\u2019assassinio di Enrico Mattei<\/strong><\/p>\n<p style=\"text-align: justify;\">Ecco il pi\u00f9 incredibile giallo della marina del XX secolo, brillantemente risolto con un\u2019inchiesta sul campo durata due anni, da Gianni Lannes, un ex giornalista investigativo italo-francese.<\/p>\n<p style=\"text-align: justify;\">Il 14 marzo 1962 la nave \u201c<strong>l\u2019Hedia<\/strong>\u201d, un mercantile di 4 mila tonnellate varato nel 1915, battente bandiera liberiana ma di propriet\u00e0 della Compania Naviera General S.A. di Panama con sede a presso il Banco di Roma di Lugano, con diciannove marinai italiani e un gallese a bordo, scomparve al largo delle coste dell\u2019Africa Settentrionale.<\/p>\n<p style=\"text-align: justify;\">Il presunto naufragio della <strong>Hedia<\/strong> fu immediatamente accompagnato da voci contraddittorie, sospetti e soprattutto misteri.<\/p>\n<p style=\"text-align: justify;\">Alcuni ipotizzarono perfino il siluramento da parte di unit\u00e0 della marina militare francese impegnata nel Mediterraneo a stroncare il rifornimento di armi al Fronte di Liberazione Algerino, altri pensarono che sia stato frutto di un tragico errore.<\/p>\n<p style=\"text-align: justify;\">Sullo sfondo della storia lo sfruttamento di idrocarburi del Sahara, l\u2019improvvisa uscita di scena di Enrico Mattei, che il 6 novembre si accingeva a firmare un accodo strategico con il presidente algerino Ben Bella.<\/p>\n<p style=\"text-align: justify;\">Dive \u00e8 andata a finire la nave con tutto l\u2019equipaggio nessuno lo sa!<\/p>\n<p style=\"text-align: justify;\">Quello che si sa \u00e8 che la <strong>Hedia<\/strong> lev\u00f2 le ancore da Venezia e caric\u00f2 ufficialmente concimi a Ravenna, da cui part\u00ec il 16 febbraio 1962 diretta in Spagna, con uno scalo intermedio a Casablanca sulla rotta del ritorno.<\/p>\n<p style=\"text-align: justify;\">Il 21 marzo il centro radio di Tunisi capt\u00f2 un messaggio, poi rilanciato il 22 anche dal comando inglese di radio Malta, con il quale di dava informazione a tutti i natanti in navigazione che il mercantile Hedia aveva notificato la sua posizione a ridosso dell\u2019isola di La Galite e si trovava in difficolt\u00e0 a causa di una burrasca.<\/p>\n<p style=\"text-align: justify;\">Che cosa accadde a bordo per non trovare il tempo di lanciare un mayday, quale evento cos\u00ec, improvviso e non certo una tempesta annunciata e affrontata coscientemente, colse di sorpresa l\u2019equipaggio?<\/p>\n<p style=\"text-align: justify;\">Il 14 settembre il quotidiano Il Gazzettino di Venezia pubblic\u00f2 una foto scattata da un reporter dell\u2019United Press, Jim Howard, che riprendeva un gruppo di prigionieri europei nell\u2019ambasciata francese ad Algeri il 2 settembre del 1962.<\/p>\n<p style=\"text-align: justify;\">Fu cos\u00ec che la signora Balboni, moglie del cuoco di bordo Ferdinando, riconobbe il marito, e anche la madre del secondo ufficiale Elio Dell\u2019Andrea, identific\u00f2 il proprio figlio.<\/p>\n<p style=\"text-align: justify;\">I familiari del fuochista Giuseppe Orofino, del marinaio di coperta Filippo Graffeo e del marconista Claudio Cesca firmarono davanti ad un notaio, il \u201criconoscimento senza possibilit\u00e0 di equivoco\u201d dei loro famigliari scoparsi.<\/p>\n<p style=\"text-align: justify;\">Il 31 luglio alcuni parlamentari, basandosi su questa inchiesta, hanno inviato un\u2019interrogazione parlamentare (numero 4-10090) sul caso al governo: a tutt\u2019oggi, per\u00f2, non \u00e8 pervenuta alcuna risposta. Gianni Lannes ha dimostrato che le verit\u00e0 ufficiali italo-francesi sul caso, ovvero il naufragio, non sono veritiere, e che la fine di Mattei ha un altro movente sepolto nell\u2019ombra delle verit\u00e0 indicibili.<\/p>\n<p style=\"text-align: justify;\">L\u2019autore l\u201911 febbraio 2016 ha indirizzato una lettera aperta al presidente francese Hollande, tramite l\u2019ambasciatore Catherine Colonna, per sapere dove sono sepolti i marinai dell\u2019Hedia.<\/p>\n<p style=\"text-align: justify;\">Di questo e di altro ancora si discuter\u00e0 il <strong>29 agosto 2016 alle ore 21,00<\/strong> presso l\u2019atrio superiore del comune di Sciacca in via Roma r. 13 alla presentazione del libro: NE VIVI NE MORTI Odissea della nave <strong>Hedia<\/strong> e l\u2019assassinio di Enrico Mattei con Gianni Lannes, autore del libro ed Accursio Graffeo infaticabile promotore delle ricerche.<\/p>\n<p class=\"p1\">Sostenitore di questa interessante iniziativa anche il Circolo Nautico il Corallo di Sciacca<\/p>\n<p style=\"text-align: justify;\"><a href=\"http:\/\/www.circolonauticoilcorallo.com\/sito\/wp-content\/uploads\/2016\/08\/2016.05.15-copertina-libro-definitiva-JPEG.jpg\"><img loading=\"lazy\" decoding=\"async\" class=\"alignleft wp-image-1607 size-large\" src=\"http:\/\/www.circolonauticoilcorallo.com\/sito\/wp-content\/uploads\/2016\/08\/2016.05.15-copertina-libro-definitiva-JPEG-1024x464.jpg\" alt=\"2016.05.15 copertina libro definitiva + JPEG\" width=\"584\" height=\"265\" srcset=\"https:\/\/www.circolonauticoilcorallo.com\/sito\/wp-content\/uploads\/2016\/08\/2016.05.15-copertina-libro-definitiva-JPEG-1024x464.jpg 1024w, https:\/\/www.circolonauticoilcorallo.com\/sito\/wp-content\/uploads\/2016\/08\/2016.05.15-copertina-libro-definitiva-JPEG-300x136.jpg 300w, https:\/\/www.circolonauticoilcorallo.com\/sito\/wp-content\/uploads\/2016\/08\/2016.05.15-copertina-libro-definitiva-JPEG-768x348.jpg 768w, https:\/\/www.circolonauticoilcorallo.com\/sito\/wp-content\/uploads\/2016\/08\/2016.05.15-copertina-libro-definitiva-JPEG-500x226.jpg 500w\" sizes=\"auto, (max-width: 584px) 100vw, 584px\" \/><\/a><\/p>\n","protected":false},"excerpt":{"rendered":"<p>NE\u2019 VIVI NE\u2019 MORTI L\u2019odissea della nave Hedia e l\u2019assassinio di Enrico Mattei Ecco il pi\u00f9 incredibile giallo della marina del XX secolo, brillantemente risolto con un\u2019inchiesta sul campo durata due anni, da Gianni Lannes, un ex giornalista investigativo italo-francese. &hellip; <a href=\"https:\/\/www.circolonauticoilcorallo.com\/sito\/2016\/08\/22\/presentazione-del-libro-ne-vivi-ne-morti-lodissea-della-nave-hedia-e-lassassinio-di-enrico-mattei\/\">Continua a leggere<span class=\"meta-nav\">&rarr;<\/span><\/a><\/p>\n","protected":false},"author":2,"featured_media":0,"comment_status":"closed","ping_status":"open","sticky":false,"template":"","format":"standard","meta":{"ngg_post_thumbnail":0,"footnotes":""},"categories":[1],"tags":[],"class_list":["post-1606","post","type-post","status-publish","format-standard","hentry","category-news"],"_links":{"self":[{"href":"https:\/\/www.circolonauticoilcorallo.com\/sito\/wp-json\/wp\/v2\/posts\/1606","targetHints":{"allow":["GET"]}}],"collection":[{"href":"https:\/\/www.circolonauticoilcorallo.com\/sito\/wp-json\/wp\/v2\/posts"}],"about":[{"href":"https:\/\/www.circolonauticoilcorallo.com\/sito\/wp-json\/wp\/v2\/types\/post"}],"author":[{"embeddable":true,"href":"https:\/\/www.circolonauticoilcorallo.com\/sito\/wp-json\/wp\/v2\/users\/2"}],"replies":[{"embeddable":true,"href":"https:\/\/www.circolonauticoilcorallo.com\/sito\/wp-json\/wp\/v2\/comments?post=1606"}],"version-history":[{"count":2,"href":"https:\/\/www.circolonauticoilcorallo.com\/sito\/wp-json\/wp\/v2\/posts\/1606\/revisions"}],"predecessor-version":[{"id":1610,"href":"https:\/\/www.circolonauticoilcorallo.com\/sito\/wp-json\/wp\/v2\/posts\/1606\/revisions\/1610"}],"wp:attachment":[{"href":"https:\/\/www.circolonauticoilcorallo.com\/sito\/wp-json\/wp\/v2\/media?parent=1606"}],"wp:term":[{"taxonomy":"category","embeddable":true,"href":"https:\/\/www.circolonauticoilcorallo.com\/sito\/wp-json\/wp\/v2\/categories?post=1606"},{"taxonomy":"post_tag","embeddable":true,"href":"https:\/\/www.circolonauticoilcorallo.com\/sito\/wp-json\/wp\/v2\/tags?post=1606"}],"curies":[{"name":"wp","href":"https:\/\/api.w.org\/{rel}","templated":true}]}}