{"id":1595,"date":"2016-08-14T11:58:03","date_gmt":"2016-08-14T09:58:03","guid":{"rendered":"http:\/\/www.circolonauticoilcorallo.com\/sito\/?p=1595"},"modified":"2016-08-14T11:58:03","modified_gmt":"2016-08-14T09:58:03","slug":"malindri-al-circolo-nautico-il-corallo","status":"publish","type":"post","link":"https:\/\/www.circolonauticoilcorallo.com\/sito\/2016\/08\/14\/malindri-al-circolo-nautico-il-corallo\/","title":{"rendered":"Malindri al Circolo Nautico il Corallo"},"content":{"rendered":"<p class=\"p1\"><a href=\"http:\/\/www.circolonauticoilcorallo.com\/sito\/wp-content\/uploads\/2016\/08\/giuseppe.jpeg\"><img loading=\"lazy\" decoding=\"async\" class=\"alignleft size-medium wp-image-1596\" src=\"http:\/\/www.circolonauticoilcorallo.com\/sito\/wp-content\/uploads\/2016\/08\/giuseppe-225x300.jpeg\" alt=\"giuseppe\" width=\"225\" height=\"300\" srcset=\"https:\/\/www.circolonauticoilcorallo.com\/sito\/wp-content\/uploads\/2016\/08\/giuseppe-225x300.jpeg 225w, https:\/\/www.circolonauticoilcorallo.com\/sito\/wp-content\/uploads\/2016\/08\/giuseppe-768x1024.jpeg 768w, https:\/\/www.circolonauticoilcorallo.com\/sito\/wp-content\/uploads\/2016\/08\/giuseppe.jpeg 960w\" sizes=\"auto, (max-width: 225px) 100vw, 225px\" \/><\/a><\/p>\n<p class=\"p1\">Vittorio e Nico Malindri, stanchi e sfiancati, \u00a0bruciati dal sole e dalla salsedine padre e figlio da ieri\u00a0 ospiti del Circolo nautico il Corallo di Sciacca con il loro catamarano una piccola imbarcazione in carbonio di appena 6 metri, denominata \u201cFeel Good\u201d in inglese \u201csentirsi bene\u201d.<\/p>\n<p class=\"p2\">Grande amico di Giovanni Soldini tra l\u2019altro ospite recentemente con il Tim Maserati al Circolo Nautico il Corallo, Vittorio Malindri classe 1961 \u00e8 un grande pioniere della vela oceanica italiana, \u00e8 stato il primo azzurro a partecipare al Vende\u00e9 Globe, l&#8217;\u201dEverest dei mari\u201d.<\/p>\n<p class=\"p3\"><i>Nico, <\/i>secondogenito di Vittorio, 24 anni, possiede gi\u00e0 un notevole bagaglio di esperienza di navigazione, avendo gi\u00e0 attraversato a vela l\u2019Atlantico per ben 11 volte.<\/p>\n<p class=\"p3\">I due velisti sono reduci di una nuova impresa, hanno infatti stabilito il nuovo record mondiale sulla Traversata del Mediterraneo da Marsiglia a Cartagine la Transmediterranea in appena in 42 ore e 54 minuti, 455 miglia nautiche, dalla Francia all\u2019Africa, abbattendo completamente il precedente primato stabilito dalla coppia francese formata da Bourgogne e Laguerriere.<\/p>\n<p class=\"p3\">Una rotta molto impegnativa e tecnica ci dice Vittorio, che richiede una notevole esperienza di navigazione e la presenza di vento di Maestrale da Nord-ovest per ben stabilito per almeno 3 giorni e starci dentro per tutto il tempo.<\/p>\n<p class=\"p1\">Vengono accolti con grande entusiasmo dai soci del Circolo il Corallo che li attendevano gi\u00e0 da alcune ore con diverse imbarcazione ad alcune miglia a largo e dall\u2019infaticabile Assessore allo Sport Emmi David del Comune di Sciacca.<\/p>\n<p class=\"p1\">\u201cCarichiamo la barca sul carrello e andiamo a casa, a Gubbio. Ringraziamo tutti del Circolo veramente per il grande affetto che ci avete dato\u201d, ci dice Vittorio per qualche giorno di vacanza non prima per\u00f2 di aver ricevuto alcuni regali e assaggiato alcun prodotti tipici locali offerti dal Sodalizio Marinaro diretto da Francesco Galluzzo.<\/p>\n<p class=\"p1\"><a href=\"http:\/\/www.circolonauticoilcorallo.com\/sito\/wp-content\/uploads\/2016\/08\/MALINDRI-1.jpeg\"><img loading=\"lazy\" decoding=\"async\" class=\"alignleft size-medium wp-image-1590\" src=\"http:\/\/www.circolonauticoilcorallo.com\/sito\/wp-content\/uploads\/2016\/08\/MALINDRI-1-300x225.jpeg\" alt=\"MALINDRI 1\" width=\"300\" height=\"225\" srcset=\"https:\/\/www.circolonauticoilcorallo.com\/sito\/wp-content\/uploads\/2016\/08\/MALINDRI-1-300x225.jpeg 300w, https:\/\/www.circolonauticoilcorallo.com\/sito\/wp-content\/uploads\/2016\/08\/MALINDRI-1-768x576.jpeg 768w, https:\/\/www.circolonauticoilcorallo.com\/sito\/wp-content\/uploads\/2016\/08\/MALINDRI-1-1024x768.jpeg 1024w, https:\/\/www.circolonauticoilcorallo.com\/sito\/wp-content\/uploads\/2016\/08\/MALINDRI-1-400x300.jpeg 400w, https:\/\/www.circolonauticoilcorallo.com\/sito\/wp-content\/uploads\/2016\/08\/MALINDRI-1.jpeg 1280w\" sizes=\"auto, (max-width: 300px) 100vw, 300px\" \/><\/a> <a href=\"http:\/\/www.circolonauticoilcorallo.com\/sito\/wp-content\/uploads\/2016\/08\/MALINDRI-2.jpeg\"><img loading=\"lazy\" decoding=\"async\" class=\"alignleft size-medium wp-image-1591\" src=\"http:\/\/www.circolonauticoilcorallo.com\/sito\/wp-content\/uploads\/2016\/08\/MALINDRI-2-225x300.jpeg\" alt=\"MALINDRI 2\" width=\"225\" height=\"300\" srcset=\"https:\/\/www.circolonauticoilcorallo.com\/sito\/wp-content\/uploads\/2016\/08\/MALINDRI-2-225x300.jpeg 225w, https:\/\/www.circolonauticoilcorallo.com\/sito\/wp-content\/uploads\/2016\/08\/MALINDRI-2-768x1024.jpeg 768w, https:\/\/www.circolonauticoilcorallo.com\/sito\/wp-content\/uploads\/2016\/08\/MALINDRI-2.jpeg 960w\" sizes=\"auto, (max-width: 225px) 100vw, 225px\" \/><\/a><\/p>\n","protected":false},"excerpt":{"rendered":"<p>Vittorio e Nico Malindri, stanchi e sfiancati, \u00a0bruciati dal sole e dalla salsedine padre e figlio da ieri\u00a0 ospiti del Circolo nautico il Corallo di Sciacca con il loro catamarano una piccola imbarcazione in carbonio di appena 6 metri, denominata &hellip; <a href=\"https:\/\/www.circolonauticoilcorallo.com\/sito\/2016\/08\/14\/malindri-al-circolo-nautico-il-corallo\/\">Continua a leggere<span class=\"meta-nav\">&rarr;<\/span><\/a><\/p>\n","protected":false},"author":2,"featured_media":0,"comment_status":"closed","ping_status":"open","sticky":false,"template":"","format":"standard","meta":{"ngg_post_thumbnail":0,"footnotes":""},"categories":[1],"tags":[],"class_list":["post-1595","post","type-post","status-publish","format-standard","hentry","category-news"],"_links":{"self":[{"href":"https:\/\/www.circolonauticoilcorallo.com\/sito\/wp-json\/wp\/v2\/posts\/1595","targetHints":{"allow":["GET"]}}],"collection":[{"href":"https:\/\/www.circolonauticoilcorallo.com\/sito\/wp-json\/wp\/v2\/posts"}],"about":[{"href":"https:\/\/www.circolonauticoilcorallo.com\/sito\/wp-json\/wp\/v2\/types\/post"}],"author":[{"embeddable":true,"href":"https:\/\/www.circolonauticoilcorallo.com\/sito\/wp-json\/wp\/v2\/users\/2"}],"replies":[{"embeddable":true,"href":"https:\/\/www.circolonauticoilcorallo.com\/sito\/wp-json\/wp\/v2\/comments?post=1595"}],"version-history":[{"count":1,"href":"https:\/\/www.circolonauticoilcorallo.com\/sito\/wp-json\/wp\/v2\/posts\/1595\/revisions"}],"predecessor-version":[{"id":1597,"href":"https:\/\/www.circolonauticoilcorallo.com\/sito\/wp-json\/wp\/v2\/posts\/1595\/revisions\/1597"}],"wp:attachment":[{"href":"https:\/\/www.circolonauticoilcorallo.com\/sito\/wp-json\/wp\/v2\/media?parent=1595"}],"wp:term":[{"taxonomy":"category","embeddable":true,"href":"https:\/\/www.circolonauticoilcorallo.com\/sito\/wp-json\/wp\/v2\/categories?post=1595"},{"taxonomy":"post_tag","embeddable":true,"href":"https:\/\/www.circolonauticoilcorallo.com\/sito\/wp-json\/wp\/v2\/tags?post=1595"}],"curies":[{"name":"wp","href":"https:\/\/api.w.org\/{rel}","templated":true}]}}