{"id":1473,"date":"2016-07-13T16:57:16","date_gmt":"2016-07-13T14:57:16","guid":{"rendered":"http:\/\/www.circolonauticoilcorallo.com\/sito\/?p=1473"},"modified":"2016-07-14T17:57:24","modified_gmt":"2016-07-14T15:57:24","slug":"mare-sicuro-2016-2","status":"publish","type":"post","link":"https:\/\/www.circolonauticoilcorallo.com\/sito\/2016\/07\/13\/mare-sicuro-2016-2\/","title":{"rendered":"Mare Sicuro 2016"},"content":{"rendered":"<p class=\"p1\" style=\"text-align: justify;\"><a href=\"http:\/\/www.circolonauticoilcorallo.com\/sito\/wp-content\/uploads\/2016\/07\/DSC00283.jpg\"><img loading=\"lazy\" decoding=\"async\" class=\"alignleft size-large wp-image-1545\" src=\"http:\/\/www.circolonauticoilcorallo.com\/sito\/wp-content\/uploads\/2016\/07\/DSC00283-1024x768.jpg\" alt=\"DSC00283\" width=\"584\" height=\"438\" srcset=\"https:\/\/www.circolonauticoilcorallo.com\/sito\/wp-content\/uploads\/2016\/07\/DSC00283-1024x768.jpg 1024w, https:\/\/www.circolonauticoilcorallo.com\/sito\/wp-content\/uploads\/2016\/07\/DSC00283-300x225.jpg 300w, https:\/\/www.circolonauticoilcorallo.com\/sito\/wp-content\/uploads\/2016\/07\/DSC00283-768x576.jpg 768w, https:\/\/www.circolonauticoilcorallo.com\/sito\/wp-content\/uploads\/2016\/07\/DSC00283-400x300.jpg 400w\" sizes=\"auto, (max-width: 584px) 100vw, 584px\" \/><\/a><\/p>\n<p class=\"p1\" style=\"text-align: justify;\">Si \u00e8 svolta ieri nella sede nautica del Circolo il Corallo l\u2019edizione <b>MARE SICURO 2016<\/b>, organizzata e coordinata dal Comandante Salvatore Calandrino della <b>Capitaneria di Porto Guardia Costiera.<\/b><\/p>\n<p class=\"p1\" style=\"text-align: justify;\">Il Comandante Calandrino ha ricordato che lo scopo primario dei militari della Guardia Costiera \u00e8 la salvaguardia della vita umana in mare mediante interventi rapidi e tempestivi nonch\u00e9 assicurare la fruizione del mare e delle attivit\u00e0 balneari in totale sicurezza e tranquillit\u00e0, prevenendo eventuali incidenti in mare e lungo i litorali.<\/p>\n<p class=\"p1\" style=\"text-align: justify;\">I cittadini potranno segnalare eventuali situazioni di pericolo e\/o richieste di soccorso in mare e sulle spiagge mediante la composizione del numero blu <b>1530<\/b>, gratuito sia dai cellulare che da rete fisse ed attivo 24h al giorno per tutto l\u2019anno.<\/p>\n<p class=\"p1\" style=\"text-align: justify;\">Il Personale della Capitanerie di Porto di Sciacca sar\u00e0 disponibile per i soci di questo Circolo Nautico interessati alla consegna del \u201c<b>bollino blu<\/b>\u201c e per quanti ne faranno richiesta anche nei prossimi giorni, prenotando la visita a bordo della propria imbarcazione.<\/p>\n<p class=\"p1\" style=\"text-align: justify;\"><a href=\"http:\/\/www.circolonauticoilcorallo.com\/sito\/wp-content\/uploads\/2016\/07\/DSC00285.jpg\"><img loading=\"lazy\" decoding=\"async\" class=\"alignleft size-large wp-image-1550\" src=\"http:\/\/www.circolonauticoilcorallo.com\/sito\/wp-content\/uploads\/2016\/07\/DSC00285-1024x768.jpg\" alt=\"DSC00285\" width=\"584\" height=\"438\" srcset=\"https:\/\/www.circolonauticoilcorallo.com\/sito\/wp-content\/uploads\/2016\/07\/DSC00285-1024x768.jpg 1024w, https:\/\/www.circolonauticoilcorallo.com\/sito\/wp-content\/uploads\/2016\/07\/DSC00285-300x225.jpg 300w, https:\/\/www.circolonauticoilcorallo.com\/sito\/wp-content\/uploads\/2016\/07\/DSC00285-768x576.jpg 768w, https:\/\/www.circolonauticoilcorallo.com\/sito\/wp-content\/uploads\/2016\/07\/DSC00285-400x300.jpg 400w\" sizes=\"auto, (max-width: 584px) 100vw, 584px\" \/><\/a><\/p>\n<p class=\"p2\" style=\"text-align: justify;\">Nelle Foto:<\/p>\n<p class=\"p2\" style=\"text-align: justify;\">il Comandante Calandrino e il consigliere del Circolo Giovanni Comparone<\/p>\n<p class=\"p2\" style=\"text-align: justify;\">Personale della Guardia Costiera di Sciacca durante un controsso sul gommone dell&#8217;arch. Giacomo Lo Cicero<\/p>\n","protected":false},"excerpt":{"rendered":"<p>Si \u00e8 svolta ieri nella sede nautica del Circolo il Corallo l\u2019edizione MARE SICURO 2016, organizzata e coordinata dal Comandante Salvatore Calandrino della Capitaneria di Porto Guardia Costiera. Il Comandante Calandrino ha ricordato che lo scopo primario dei militari della &hellip; <a href=\"https:\/\/www.circolonauticoilcorallo.com\/sito\/2016\/07\/13\/mare-sicuro-2016-2\/\">Continua a leggere<span class=\"meta-nav\">&rarr;<\/span><\/a><\/p>\n","protected":false},"author":2,"featured_media":0,"comment_status":"closed","ping_status":"open","sticky":false,"template":"","format":"standard","meta":{"ngg_post_thumbnail":0,"footnotes":""},"categories":[1],"tags":[],"class_list":["post-1473","post","type-post","status-publish","format-standard","hentry","category-news"],"_links":{"self":[{"href":"https:\/\/www.circolonauticoilcorallo.com\/sito\/wp-json\/wp\/v2\/posts\/1473","targetHints":{"allow":["GET"]}}],"collection":[{"href":"https:\/\/www.circolonauticoilcorallo.com\/sito\/wp-json\/wp\/v2\/posts"}],"about":[{"href":"https:\/\/www.circolonauticoilcorallo.com\/sito\/wp-json\/wp\/v2\/types\/post"}],"author":[{"embeddable":true,"href":"https:\/\/www.circolonauticoilcorallo.com\/sito\/wp-json\/wp\/v2\/users\/2"}],"replies":[{"embeddable":true,"href":"https:\/\/www.circolonauticoilcorallo.com\/sito\/wp-json\/wp\/v2\/comments?post=1473"}],"version-history":[{"count":4,"href":"https:\/\/www.circolonauticoilcorallo.com\/sito\/wp-json\/wp\/v2\/posts\/1473\/revisions"}],"predecessor-version":[{"id":1567,"href":"https:\/\/www.circolonauticoilcorallo.com\/sito\/wp-json\/wp\/v2\/posts\/1473\/revisions\/1567"}],"wp:attachment":[{"href":"https:\/\/www.circolonauticoilcorallo.com\/sito\/wp-json\/wp\/v2\/media?parent=1473"}],"wp:term":[{"taxonomy":"category","embeddable":true,"href":"https:\/\/www.circolonauticoilcorallo.com\/sito\/wp-json\/wp\/v2\/categories?post=1473"},{"taxonomy":"post_tag","embeddable":true,"href":"https:\/\/www.circolonauticoilcorallo.com\/sito\/wp-json\/wp\/v2\/tags?post=1473"}],"curies":[{"name":"wp","href":"https:\/\/api.w.org\/{rel}","templated":true}]}}