{"id":1463,"date":"2016-07-09T19:18:10","date_gmt":"2016-07-09T17:18:10","guid":{"rendered":"http:\/\/www.circolonauticoilcorallo.com\/sito\/?p=1463"},"modified":"2016-07-09T19:20:04","modified_gmt":"2016-07-09T17:20:04","slug":"mare-sicuro-2016","status":"publish","type":"post","link":"https:\/\/www.circolonauticoilcorallo.com\/sito\/2016\/07\/09\/mare-sicuro-2016\/","title":{"rendered":"MARE SICURO 2016"},"content":{"rendered":"<p><a href=\"http:\/\/www.circolonauticoilcorallo.com\/sito\/wp-content\/uploads\/2016\/07\/Senza-titolo.png\"><img loading=\"lazy\" decoding=\"async\" class=\"alignleft size-full wp-image-1464\" src=\"http:\/\/www.circolonauticoilcorallo.com\/sito\/wp-content\/uploads\/2016\/07\/Senza-titolo.png\" alt=\"Senza titolo\" width=\"494\" height=\"330\" srcset=\"https:\/\/www.circolonauticoilcorallo.com\/sito\/wp-content\/uploads\/2016\/07\/Senza-titolo.png 494w, https:\/\/www.circolonauticoilcorallo.com\/sito\/wp-content\/uploads\/2016\/07\/Senza-titolo-300x200.png 300w, https:\/\/www.circolonauticoilcorallo.com\/sito\/wp-content\/uploads\/2016\/07\/Senza-titolo-449x300.png 449w\" sizes=\"auto, (max-width: 494px) 100vw, 494px\" \/><\/a><\/p>\n<p>&nbsp;<\/p>\n<p>&nbsp;<\/p>\n<p>&nbsp;<\/p>\n<p><a href=\"http:\/\/www.circolonauticoilcorallo.com\/sito\/wp-content\/uploads\/2016\/07\/Motovedetta-della-Guardia-costiera.jpg\"><img loading=\"lazy\" decoding=\"async\" class=\"size-full wp-image-1465\" src=\"http:\/\/www.circolonauticoilcorallo.com\/sito\/wp-content\/uploads\/2016\/07\/Motovedetta-della-Guardia-costiera.jpg\" alt=\"GUARDIA COSTIERA-CAPITANERIA DI PORTO DI ROMA RIPRESE IN MARE APERTO DELLE MOTOVEDETTE DI STANZA A FIUMICINO A SUPPORTO DEL PATTUGLIATORE CP906 &quot;CORSI&quot; NAVE UTILIZZATA PER LA SORVEGLIANZA DELLE COSTE DEL TERRITORIO NAZIONALE. ALCUNI MOMENTI A BORDO E USCITA DAL COMANDO DELLA CAPITANERIA DI PORTO DI ROMA FIUMICINO\" width=\"900\" height=\"599\" srcset=\"https:\/\/www.circolonauticoilcorallo.com\/sito\/wp-content\/uploads\/2016\/07\/Motovedetta-della-Guardia-costiera.jpg 900w, https:\/\/www.circolonauticoilcorallo.com\/sito\/wp-content\/uploads\/2016\/07\/Motovedetta-della-Guardia-costiera-300x200.jpg 300w, https:\/\/www.circolonauticoilcorallo.com\/sito\/wp-content\/uploads\/2016\/07\/Motovedetta-della-Guardia-costiera-768x511.jpg 768w, https:\/\/www.circolonauticoilcorallo.com\/sito\/wp-content\/uploads\/2016\/07\/Motovedetta-della-Guardia-costiera-451x300.jpg 451w\" sizes=\"auto, (max-width: 900px) 100vw, 900px\" \/><\/a><\/p>\n<p>Anche quest\u2019anno partir\u00e0 l\u2019operazione <strong>MARE SICURO 2016<\/strong>, organizzata e coordinata dalla <strong>Capitaneria di Porto Guardia Costiera<\/strong> di Sciacca nell\u2019ambito di un pi\u00f9 ampio contesto nazionale disposto dal Comando Generale del Corpo delle Capitanerie di Porto.<\/p>\n<p>Scopo dell\u2019operazione \u00e8 rafforzare i controlli lungo l\u2019intero litorale di competenza al fine di garantire all\u2019utenza un\u2019adeguata e tranquilla fruibilit\u00e0 della fascia costiera saccense.<\/p>\n<p>Scopo primario dei militari della Guardia Costiera \u00e8 la salvaguardia della vita umana in mare mediante interventi rapidi e tempestivi nonch\u00e9 assicurare la fruizione del mare e delle attivit\u00e0 balneari in totale sicurezza e tranquillit\u00e0, prevenendo eventuali incidenti in mare e lungo i litorali.<\/p>\n<p>I cittadini potranno segnalare eventuali situazioni di pericolo e\/o richieste di soccorso in mare e sulle spiagge mediante la composizione del numero blu <strong>1530<\/strong>, gratuito sia dai cellulare che da rete fisse ed attivo 24h al giorno per tutto l\u2019anno.<\/p>\n<p>L\u2019operazione <strong>MARE SICURO 2016<\/strong>, campagna di prevenzione per sensibilizzare la sicurezza in mare prevede anche il rilascio del famoso &#8220;<strong>bollino blu<\/strong>&#8221; da parte della Capitaneria di Porto, un tagliando adesivo che indica l&#8217; efficenza delle dotazioni di sicurezza a bordo ed evita, allo stesso tempo, le \u201cmolteplici\u201d verifiche e controlli alle stesse imbarcazioni.<\/p>\n<p>Sabato 9 giugno alle ore 9,00 personale della Capitanerie di Porto di Sciacca sar\u00e0 disponibile per i soci di questo Circolo Nautico, interessati alla consegna del &#8220;<strong>bollino blu<\/strong>&#8220;, pertanto possono gi\u00e0 da oggi prenotare la visita a bordo della propria imbarcazione.<\/p>\n<p>Il Presidente<\/p>\n","protected":false},"excerpt":{"rendered":"<p>&nbsp; &nbsp; &nbsp; Anche quest\u2019anno partir\u00e0 l\u2019operazione MARE SICURO 2016, organizzata e coordinata dalla Capitaneria di Porto Guardia Costiera di Sciacca nell\u2019ambito di un pi\u00f9 ampio contesto nazionale disposto dal Comando Generale del Corpo delle Capitanerie di Porto. Scopo dell\u2019operazione &hellip; <a href=\"https:\/\/www.circolonauticoilcorallo.com\/sito\/2016\/07\/09\/mare-sicuro-2016\/\">Continua a leggere<span class=\"meta-nav\">&rarr;<\/span><\/a><\/p>\n","protected":false},"author":2,"featured_media":0,"comment_status":"closed","ping_status":"open","sticky":false,"template":"","format":"standard","meta":{"ngg_post_thumbnail":0,"footnotes":""},"categories":[1],"tags":[],"class_list":["post-1463","post","type-post","status-publish","format-standard","hentry","category-news"],"_links":{"self":[{"href":"https:\/\/www.circolonauticoilcorallo.com\/sito\/wp-json\/wp\/v2\/posts\/1463","targetHints":{"allow":["GET"]}}],"collection":[{"href":"https:\/\/www.circolonauticoilcorallo.com\/sito\/wp-json\/wp\/v2\/posts"}],"about":[{"href":"https:\/\/www.circolonauticoilcorallo.com\/sito\/wp-json\/wp\/v2\/types\/post"}],"author":[{"embeddable":true,"href":"https:\/\/www.circolonauticoilcorallo.com\/sito\/wp-json\/wp\/v2\/users\/2"}],"replies":[{"embeddable":true,"href":"https:\/\/www.circolonauticoilcorallo.com\/sito\/wp-json\/wp\/v2\/comments?post=1463"}],"version-history":[{"count":2,"href":"https:\/\/www.circolonauticoilcorallo.com\/sito\/wp-json\/wp\/v2\/posts\/1463\/revisions"}],"predecessor-version":[{"id":1467,"href":"https:\/\/www.circolonauticoilcorallo.com\/sito\/wp-json\/wp\/v2\/posts\/1463\/revisions\/1467"}],"wp:attachment":[{"href":"https:\/\/www.circolonauticoilcorallo.com\/sito\/wp-json\/wp\/v2\/media?parent=1463"}],"wp:term":[{"taxonomy":"category","embeddable":true,"href":"https:\/\/www.circolonauticoilcorallo.com\/sito\/wp-json\/wp\/v2\/categories?post=1463"},{"taxonomy":"post_tag","embeddable":true,"href":"https:\/\/www.circolonauticoilcorallo.com\/sito\/wp-json\/wp\/v2\/tags?post=1463"}],"curies":[{"name":"wp","href":"https:\/\/api.w.org\/{rel}","templated":true}]}}